{"id":59927,"date":"2023-06-26T11:20:39","date_gmt":"2023-06-26T09:20:39","guid":{"rendered":"https:\/\/www.keoutdoordesign.com\/?p=59927"},"modified":"2023-06-26T11:20:39","modified_gmt":"2023-06-26T09:20:39","slug":"neuheit-auf-dem-salone-del-mobile-2023-2","status":"publish","type":"post","link":"https:\/\/www.keoutdoordesign.com\/de-de\/neuheit-auf-dem-salone-del-mobile-2023-2\/","title":{"rendered":"Neuheit auf dem Salone del Mobile 2023"},"content":{"rendered":"<p><strong>KE KEPLAN LINEARES DESIGN UND FLACHE BAUWEISE F\u00dcR DIE OUTDOOR GESTALTUNG<\/strong><\/p>\n<p>Harmonie, Ordnung, Wesentlichkeit: drei Begriffe, die sich in der Architektur in der geraden Linie wiederfinden. Diese Eigenschaften erlauben dem Auge die Merkmale Eleganz und Wesentlichkeit wahrzunehmen. <strong>KE<\/strong>, eine Quelle der Inspiration und der Zielstrebigkeit im Laufe der Designgeschichte, wendet das Prinzip der klaren Linien im Dienste des Wohnens und des psychophysischen Wohlbefindens auf das neue Produkt <strong>KEPLAN<\/strong> an.<\/p>\n<p><strong>KEPLAN<\/strong> ist eine <strong>innovative Pergola aus Aluminium mit flachem Dach und faltbarem Tuch<\/strong>, die sich perfekt in jede moderne Designl\u00f6sung einf\u00fcgt.\u00a0 Ihr minimales Design bricht mit dem traditionellen Muster der Pergola mit schr\u00e4gem Dach: Funktionalit\u00e4t und Komfort werden mit einer flachen Geometrie kombiniert, die sich f\u00fcr die unterschiedlichsten Projekte im Freien eignet, sowohl im Wohnbereich als auch bei ho.re.ca.<\/p>\n<p>Dank des innovativen Systems der verstellbaren vertikalen Pfosten ist die Installation von KEPLAN auch in schwierigen Bausituationen perfekt geeignet: tats\u00e4chlich l\u00f6st dieses Verstellsystem die Schwierigkeit der Neigungen und H\u00f6henunterschiede des Gel\u00e4ndes.<\/p>\n<p>Die neue Pergola KE, die sowohl als freistehende als auch als wandmontierte Version erh\u00e4ltlich ist, kann mit einem System von dimmbaren LED-Leisten beleuchtet werden, die in die Profile eingesetzt werden, um einladende Lichtumgebungen zu schaffen, die dem geselligen Beisammensein und der Entspannung dienen.<\/p>\n<p><a href=\"https:\/\/www.keoutdoordesign.com\/de-de\/pergolen-gennius\/pergola-mit-flachdach\/keplan-2\/\"><strong>KEPLAN<\/strong><\/a> hat ein Dach mit einer charakteristischen niedrigen Bogenform, die die Gesamth\u00f6he reduziert und so die Gesamt\u00e4sthetik verbessert. Um zwei grundlegenden Anforderungen gerecht zu werden &#8211; dem Bed\u00fcrfnis nach Privatsph\u00e4re und einem wirksamen Schutz vor Sonne und Regen &#8211; ist die Pergola mit einem einfaltbaren Tuch ausgestattet. Das im maximal ausgefahrenen Zustand gespannte Tuch ist auf gew\u00f6lbten Quertr\u00e4gern befestigt und gleitet horizontal mit Hilfe von Laufwagen auf motorisierten F\u00fchrungen.<\/p>\n<p>Die Beleuchtung und die Bewegung des Tuchs werden durch integrierte Hausautomationssysteme gesteuert.<\/p>\n<p>Die maximale \u00e4sthetische Leistung und die Anpassungsf\u00e4higkeit von <strong>KEPLAN<\/strong> werden auch durch die gro\u00dfe Auswahl an Stoffen unterstrichen, durch die eine individuelle Gestaltung m\u00f6glich ist.<\/p>\n<p>Diskretion und Gem\u00fctlichkeit, Zuverl\u00e4ssigkeit und Funktionalit\u00e4t, Anpassungsf\u00e4higkeit und Technologie sind die Eigenschaften, die <strong>KE<\/strong> in <strong>KEPLAN<\/strong> vereint, um neue, raffinierte und gem\u00fctliche Pl\u00e4tze im Freien zu schaffen, in denen man die beste Zeit alleine oder in Gesellschaft genie\u00dfen kann.<\/p>\n<p><strong>Leistungsmerkmale <\/strong><\/p>\n<ul>\n<li>Quadratisches, minimalistisches Design<\/li>\n<li>Ideal f\u00fcr gro\u00dfe Fl\u00e4chen<\/li>\n<li>Sonnenbest\u00e4ndigkeit<\/li>\n<li>Windbest\u00e4ndigkeit, Klasse 6<\/li>\n<li>Maximale Breite: 550 cm<\/li>\n<li>Maximale Ausladung: 600 cm<\/li>\n<\/ul>\n<p><strong>KEPLAN ist ab Juli erh\u00e4ltlich.<\/strong><\/p>\n","protected":false},"excerpt":{"rendered":"<p>KE KEPLAN LINEARES DESIGN UND FLACHE BAUWEISE F\u00dcR DIE OUTDOOR GESTALTUNG Harmonie, Ordnung, Wesentlichkeit: drei Begriffe, die sich in der&hellip;<\/p>\n","protected":false},"author":10608,"featured_media":59896,"comment_status":"open","ping_status":"open","sticky":false,"template":"","format":"standard","meta":{"_acf_changed":false,"footnotes":""},"categories":[390],"tags":[],"class_list":["post-59927","post","type-post","status-publish","format-standard","has-post-thumbnail","hentry","category-press-area-de"],"acf":[],"yoast_head":"<!-- This site is optimized with the Yoast SEO Premium plugin v20.12 (Yoast SEO v27.4) - https:\/\/yoast.com\/product\/yoast-seo-premium-wordpress\/ -->\n<title>Neuheit auf dem Salone del Mobile 2023 - KE Outdoor Design<\/title>\n<meta name=\"description\" content=\"KEPLAN ist eine innovative Pergola aus Aluminium mit flachem Dach und faltbarem Tuch, die sich perfekt in jede moderne Designl\u00f6sung einf\u00fcgt.\" \/>\n<meta name=\"robots\" content=\"index, follow, max-snippet:-1, max-image-preview:large, max-video-preview:-1\" \/>\n<link rel=\"canonical\" href=\"https:\/\/www.keoutdoordesign.com\/de-de\/neuheit-auf-dem-salone-del-mobile-2023-2\/\" \/>\n<meta property=\"og:locale\" content=\"de_DE\" \/>\n<meta property=\"og:type\" content=\"article\" \/>\n<meta property=\"og:title\" content=\"Neuheit auf dem Salone del Mobile 2023\" \/>\n<meta property=\"og:description\" content=\"KEPLAN ist eine innovative Pergola aus Aluminium mit flachem Dach und faltbarem Tuch, die sich perfekt in jede moderne Designl\u00f6sung einf\u00fcgt.\" \/>\n<meta property=\"og:url\" content=\"https:\/\/www.keoutdoordesign.com\/de-de\/neuheit-auf-dem-salone-del-mobile-2023-2\/\" \/>\n<meta property=\"og:site_name\" content=\"KE Outdoor Design\" \/>\n<meta property=\"article:publisher\" content=\"https:\/\/www.facebook.com\/keoutdoordesign.us\" \/>\n<meta property=\"article:published_time\" content=\"2023-06-26T09:20:39+00:00\" \/>\n<meta property=\"og:image\" content=\"https:\/\/www.keoutdoordesign.com\/wp-content\/uploads\/2023\/06\/Keplan-03_23-1-1024x724.jpg\" \/>\n\t<meta property=\"og:image:width\" content=\"1024\" \/>\n\t<meta property=\"og:image:height\" content=\"724\" \/>\n\t<meta property=\"og:image:type\" content=\"image\/jpeg\" \/>\n<meta name=\"author\" content=\"KE_adm\" \/>\n<meta name=\"twitter:card\" content=\"summary_large_image\" \/>\n<meta name=\"twitter:creator\" content=\"@keoutdoordesign\" \/>\n<meta name=\"twitter:site\" content=\"@keoutdoordesign\" \/>\n<script type=\"application\/ld+json\" class=\"yoast-schema-graph\">{\"@context\":\"https:\\\/\\\/schema.org\",\"@graph\":[{\"@type\":\"Article\",\"@id\":\"https:\\\/\\\/www.keoutdoordesign.com\\\/de-de\\\/neuheit-auf-dem-salone-del-mobile-2023-2\\\/#article\",\"isPartOf\":{\"@id\":\"https:\\\/\\\/www.keoutdoordesign.com\\\/de-de\\\/neuheit-auf-dem-salone-del-mobile-2023-2\\\/\"},\"author\":{\"name\":\"KE_adm\",\"@id\":\"https:\\\/\\\/www.keoutdoordesign.com\\\/it-it\\\/#\\\/schema\\\/person\\\/68ff34ee49700891439f9e77765f69ca\"},\"headline\":\"Neuheit auf dem Salone del Mobile 2023\",\"datePublished\":\"2023-06-26T09:20:39+00:00\",\"mainEntityOfPage\":{\"@id\":\"https:\\\/\\\/www.keoutdoordesign.com\\\/de-de\\\/neuheit-auf-dem-salone-del-mobile-2023-2\\\/\"},\"wordCount\":411,\"commentCount\":0,\"publisher\":{\"@id\":\"https:\\\/\\\/www.keoutdoordesign.com\\\/it-it\\\/#organization\"},\"image\":{\"@id\":\"https:\\\/\\\/www.keoutdoordesign.com\\\/de-de\\\/neuheit-auf-dem-salone-del-mobile-2023-2\\\/#primaryimage\"},\"thumbnailUrl\":\"https:\\\/\\\/www.keoutdoordesign.com\\\/wp-content\\\/uploads\\\/2023\\\/06\\\/Keplan-03_23-1.jpg\",\"articleSection\":[\"Press area\"],\"inLanguage\":\"de\",\"potentialAction\":[{\"@type\":\"CommentAction\",\"name\":\"Comment\",\"target\":[\"https:\\\/\\\/www.keoutdoordesign.com\\\/de-de\\\/neuheit-auf-dem-salone-del-mobile-2023-2\\\/#respond\"]}]},{\"@type\":\"WebPage\",\"@id\":\"https:\\\/\\\/www.keoutdoordesign.com\\\/de-de\\\/neuheit-auf-dem-salone-del-mobile-2023-2\\\/\",\"url\":\"https:\\\/\\\/www.keoutdoordesign.com\\\/de-de\\\/neuheit-auf-dem-salone-del-mobile-2023-2\\\/\",\"name\":\"Neuheit auf dem Salone del Mobile 2023 - KE Outdoor Design\",\"isPartOf\":{\"@id\":\"https:\\\/\\\/www.keoutdoordesign.com\\\/it-it\\\/#website\"},\"primaryImageOfPage\":{\"@id\":\"https:\\\/\\\/www.keoutdoordesign.com\\\/de-de\\\/neuheit-auf-dem-salone-del-mobile-2023-2\\\/#primaryimage\"},\"image\":{\"@id\":\"https:\\\/\\\/www.keoutdoordesign.com\\\/de-de\\\/neuheit-auf-dem-salone-del-mobile-2023-2\\\/#primaryimage\"},\"thumbnailUrl\":\"https:\\\/\\\/www.keoutdoordesign.com\\\/wp-content\\\/uploads\\\/2023\\\/06\\\/Keplan-03_23-1.jpg\",\"datePublished\":\"2023-06-26T09:20:39+00:00\",\"description\":\"KEPLAN ist eine innovative Pergola aus Aluminium mit flachem Dach und faltbarem Tuch, die sich perfekt in jede moderne Designl\u00f6sung einf\u00fcgt.\",\"breadcrumb\":{\"@id\":\"https:\\\/\\\/www.keoutdoordesign.com\\\/de-de\\\/neuheit-auf-dem-salone-del-mobile-2023-2\\\/#breadcrumb\"},\"inLanguage\":\"de\",\"potentialAction\":[{\"@type\":\"ReadAction\",\"target\":[\"https:\\\/\\\/www.keoutdoordesign.com\\\/de-de\\\/neuheit-auf-dem-salone-del-mobile-2023-2\\\/\"]}]},{\"@type\":\"ImageObject\",\"inLanguage\":\"de\",\"@id\":\"https:\\\/\\\/www.keoutdoordesign.com\\\/de-de\\\/neuheit-auf-dem-salone-del-mobile-2023-2\\\/#primaryimage\",\"url\":\"https:\\\/\\\/www.keoutdoordesign.com\\\/wp-content\\\/uploads\\\/2023\\\/06\\\/Keplan-03_23-1.jpg\",\"contentUrl\":\"https:\\\/\\\/www.keoutdoordesign.com\\\/wp-content\\\/uploads\\\/2023\\\/06\\\/Keplan-03_23-1.jpg\",\"width\":2560,\"height\":1810,\"caption\":\"Keplan 03_23\"},{\"@type\":\"BreadcrumbList\",\"@id\":\"https:\\\/\\\/www.keoutdoordesign.com\\\/de-de\\\/neuheit-auf-dem-salone-del-mobile-2023-2\\\/#breadcrumb\",\"itemListElement\":[{\"@type\":\"ListItem\",\"position\":1,\"name\":\"Home\",\"item\":\"https:\\\/\\\/www.keoutdoordesign.com\\\/de-de\\\/\"},{\"@type\":\"ListItem\",\"position\":2,\"name\":\"Neuheit auf dem Salone del Mobile 2023\"}]},{\"@type\":\"WebSite\",\"@id\":\"https:\\\/\\\/www.keoutdoordesign.com\\\/it-it\\\/#website\",\"url\":\"https:\\\/\\\/www.keoutdoordesign.com\\\/it-it\\\/\",\"name\":\"KE Outdoor Design\",\"description\":\"Un nuovo sito targato WordPress\",\"publisher\":{\"@id\":\"https:\\\/\\\/www.keoutdoordesign.com\\\/it-it\\\/#organization\"},\"potentialAction\":[{\"@type\":\"SearchAction\",\"target\":{\"@type\":\"EntryPoint\",\"urlTemplate\":\"https:\\\/\\\/www.keoutdoordesign.com\\\/it-it\\\/?s={search_term_string}\"},\"query-input\":{\"@type\":\"PropertyValueSpecification\",\"valueRequired\":true,\"valueName\":\"search_term_string\"}}],\"inLanguage\":\"de\"},{\"@type\":\"Organization\",\"@id\":\"https:\\\/\\\/www.keoutdoordesign.com\\\/it-it\\\/#organization\",\"name\":\"KE Outdoor Design\",\"url\":\"https:\\\/\\\/www.keoutdoordesign.com\\\/it-it\\\/\",\"logo\":{\"@type\":\"ImageObject\",\"inLanguage\":\"de\",\"@id\":\"https:\\\/\\\/www.keoutdoordesign.com\\\/it-it\\\/#\\\/schema\\\/logo\\\/image\\\/\",\"url\":\"https:\\\/\\\/www.keoutdoordesign.com\\\/wp-content\\\/uploads\\\/2020\\\/02\\\/KE-logo-Primary-e1591282842174.jpg\",\"contentUrl\":\"https:\\\/\\\/www.keoutdoordesign.com\\\/wp-content\\\/uploads\\\/2020\\\/02\\\/KE-logo-Primary-e1591282842174.jpg\",\"width\":500,\"height\":396,\"caption\":\"KE Outdoor Design\"},\"image\":{\"@id\":\"https:\\\/\\\/www.keoutdoordesign.com\\\/it-it\\\/#\\\/schema\\\/logo\\\/image\\\/\"},\"sameAs\":[\"https:\\\/\\\/www.facebook.com\\\/keoutdoordesign.us\",\"https:\\\/\\\/x.com\\\/keoutdoordesign\",\"https:\\\/\\\/www.facebook.com\\\/keoutdoordesign\",\"https:\\\/\\\/www.youtube.com\\\/channel\\\/UCSoMQryJpLqD53bAoZLg2Vg\",\"https:\\\/\\\/www.pinterest.it\\\/keoutdoordesign\\\/\",\"https:\\\/\\\/www.instagram.com\\\/keoutdoordesign\\\/\",\"https:\\\/\\\/www.linkedin.com\\\/company\\\/ke-outdoor-design\\\/\"]},{\"@type\":\"Person\",\"@id\":\"https:\\\/\\\/www.keoutdoordesign.com\\\/it-it\\\/#\\\/schema\\\/person\\\/68ff34ee49700891439f9e77765f69ca\",\"name\":\"KE_adm\",\"image\":{\"@type\":\"ImageObject\",\"inLanguage\":\"de\",\"@id\":\"https:\\\/\\\/secure.gravatar.com\\\/avatar\\\/1b88796f4cdd3f8d8ac34067bccb02448e163e4ef5eacb035790988646935f61?s=96&d=mm&r=g\",\"url\":\"https:\\\/\\\/secure.gravatar.com\\\/avatar\\\/1b88796f4cdd3f8d8ac34067bccb02448e163e4ef5eacb035790988646935f61?s=96&d=mm&r=g\",\"contentUrl\":\"https:\\\/\\\/secure.gravatar.com\\\/avatar\\\/1b88796f4cdd3f8d8ac34067bccb02448e163e4ef5eacb035790988646935f61?s=96&d=mm&r=g\",\"caption\":\"KE_adm\"},\"url\":\"https:\\\/\\\/www.keoutdoordesign.com\\\/de-de\\\/author\\\/ke_adm\\\/\"}]}<\/script>\n<!-- \/ Yoast SEO Premium plugin. -->","yoast_head_json":{"title":"Neuheit auf dem Salone del Mobile 2023 - KE Outdoor Design","description":"KEPLAN ist eine innovative Pergola aus Aluminium mit flachem Dach und faltbarem Tuch, die sich perfekt in jede moderne Designl\u00f6sung einf\u00fcgt.","robots":{"index":"index","follow":"follow","max-snippet":"max-snippet:-1","max-image-preview":"max-image-preview:large","max-video-preview":"max-video-preview:-1"},"canonical":"https:\/\/www.keoutdoordesign.com\/de-de\/neuheit-auf-dem-salone-del-mobile-2023-2\/","og_locale":"de_DE","og_type":"article","og_title":"Neuheit auf dem Salone del Mobile 2023","og_description":"KEPLAN ist eine innovative Pergola aus Aluminium mit flachem Dach und faltbarem Tuch, die sich perfekt in jede moderne Designl\u00f6sung einf\u00fcgt.","og_url":"https:\/\/www.keoutdoordesign.com\/de-de\/neuheit-auf-dem-salone-del-mobile-2023-2\/","og_site_name":"KE Outdoor Design","article_publisher":"https:\/\/www.facebook.com\/keoutdoordesign.us","article_published_time":"2023-06-26T09:20:39+00:00","og_image":[{"width":1024,"height":724,"url":"https:\/\/www.keoutdoordesign.com\/wp-content\/uploads\/2023\/06\/Keplan-03_23-1-1024x724.jpg","type":"image\/jpeg"}],"author":"KE_adm","twitter_card":"summary_large_image","twitter_creator":"@keoutdoordesign","twitter_site":"@keoutdoordesign","schema":{"@context":"https:\/\/schema.org","@graph":[{"@type":"Article","@id":"https:\/\/www.keoutdoordesign.com\/de-de\/neuheit-auf-dem-salone-del-mobile-2023-2\/#article","isPartOf":{"@id":"https:\/\/www.keoutdoordesign.com\/de-de\/neuheit-auf-dem-salone-del-mobile-2023-2\/"},"author":{"name":"KE_adm","@id":"https:\/\/www.keoutdoordesign.com\/it-it\/#\/schema\/person\/68ff34ee49700891439f9e77765f69ca"},"headline":"Neuheit auf dem Salone del Mobile 2023","datePublished":"2023-06-26T09:20:39+00:00","mainEntityOfPage":{"@id":"https:\/\/www.keoutdoordesign.com\/de-de\/neuheit-auf-dem-salone-del-mobile-2023-2\/"},"wordCount":411,"commentCount":0,"publisher":{"@id":"https:\/\/www.keoutdoordesign.com\/it-it\/#organization"},"image":{"@id":"https:\/\/www.keoutdoordesign.com\/de-de\/neuheit-auf-dem-salone-del-mobile-2023-2\/#primaryimage"},"thumbnailUrl":"https:\/\/www.keoutdoordesign.com\/wp-content\/uploads\/2023\/06\/Keplan-03_23-1.jpg","articleSection":["Press area"],"inLanguage":"de","potentialAction":[{"@type":"CommentAction","name":"Comment","target":["https:\/\/www.keoutdoordesign.com\/de-de\/neuheit-auf-dem-salone-del-mobile-2023-2\/#respond"]}]},{"@type":"WebPage","@id":"https:\/\/www.keoutdoordesign.com\/de-de\/neuheit-auf-dem-salone-del-mobile-2023-2\/","url":"https:\/\/www.keoutdoordesign.com\/de-de\/neuheit-auf-dem-salone-del-mobile-2023-2\/","name":"Neuheit auf dem Salone del Mobile 2023 - KE Outdoor Design","isPartOf":{"@id":"https:\/\/www.keoutdoordesign.com\/it-it\/#website"},"primaryImageOfPage":{"@id":"https:\/\/www.keoutdoordesign.com\/de-de\/neuheit-auf-dem-salone-del-mobile-2023-2\/#primaryimage"},"image":{"@id":"https:\/\/www.keoutdoordesign.com\/de-de\/neuheit-auf-dem-salone-del-mobile-2023-2\/#primaryimage"},"thumbnailUrl":"https:\/\/www.keoutdoordesign.com\/wp-content\/uploads\/2023\/06\/Keplan-03_23-1.jpg","datePublished":"2023-06-26T09:20:39+00:00","description":"KEPLAN ist eine innovative Pergola aus Aluminium mit flachem Dach und faltbarem Tuch, die sich perfekt in jede moderne Designl\u00f6sung einf\u00fcgt.","breadcrumb":{"@id":"https:\/\/www.keoutdoordesign.com\/de-de\/neuheit-auf-dem-salone-del-mobile-2023-2\/#breadcrumb"},"inLanguage":"de","potentialAction":[{"@type":"ReadAction","target":["https:\/\/www.keoutdoordesign.com\/de-de\/neuheit-auf-dem-salone-del-mobile-2023-2\/"]}]},{"@type":"ImageObject","inLanguage":"de","@id":"https:\/\/www.keoutdoordesign.com\/de-de\/neuheit-auf-dem-salone-del-mobile-2023-2\/#primaryimage","url":"https:\/\/www.keoutdoordesign.com\/wp-content\/uploads\/2023\/06\/Keplan-03_23-1.jpg","contentUrl":"https:\/\/www.keoutdoordesign.com\/wp-content\/uploads\/2023\/06\/Keplan-03_23-1.jpg","width":2560,"height":1810,"caption":"Keplan 03_23"},{"@type":"BreadcrumbList","@id":"https:\/\/www.keoutdoordesign.com\/de-de\/neuheit-auf-dem-salone-del-mobile-2023-2\/#breadcrumb","itemListElement":[{"@type":"ListItem","position":1,"name":"Home","item":"https:\/\/www.keoutdoordesign.com\/de-de\/"},{"@type":"ListItem","position":2,"name":"Neuheit auf dem Salone del Mobile 2023"}]},{"@type":"WebSite","@id":"https:\/\/www.keoutdoordesign.com\/it-it\/#website","url":"https:\/\/www.keoutdoordesign.com\/it-it\/","name":"KE Outdoor Design","description":"Un nuovo sito targato WordPress","publisher":{"@id":"https:\/\/www.keoutdoordesign.com\/it-it\/#organization"},"potentialAction":[{"@type":"SearchAction","target":{"@type":"EntryPoint","urlTemplate":"https:\/\/www.keoutdoordesign.com\/it-it\/?s={search_term_string}"},"query-input":{"@type":"PropertyValueSpecification","valueRequired":true,"valueName":"search_term_string"}}],"inLanguage":"de"},{"@type":"Organization","@id":"https:\/\/www.keoutdoordesign.com\/it-it\/#organization","name":"KE Outdoor Design","url":"https:\/\/www.keoutdoordesign.com\/it-it\/","logo":{"@type":"ImageObject","inLanguage":"de","@id":"https:\/\/www.keoutdoordesign.com\/it-it\/#\/schema\/logo\/image\/","url":"https:\/\/www.keoutdoordesign.com\/wp-content\/uploads\/2020\/02\/KE-logo-Primary-e1591282842174.jpg","contentUrl":"https:\/\/www.keoutdoordesign.com\/wp-content\/uploads\/2020\/02\/KE-logo-Primary-e1591282842174.jpg","width":500,"height":396,"caption":"KE Outdoor Design"},"image":{"@id":"https:\/\/www.keoutdoordesign.com\/it-it\/#\/schema\/logo\/image\/"},"sameAs":["https:\/\/www.facebook.com\/keoutdoordesign.us","https:\/\/x.com\/keoutdoordesign","https:\/\/www.facebook.com\/keoutdoordesign","https:\/\/www.youtube.com\/channel\/UCSoMQryJpLqD53bAoZLg2Vg","https:\/\/www.pinterest.it\/keoutdoordesign\/","https:\/\/www.instagram.com\/keoutdoordesign\/","https:\/\/www.linkedin.com\/company\/ke-outdoor-design\/"]},{"@type":"Person","@id":"https:\/\/www.keoutdoordesign.com\/it-it\/#\/schema\/person\/68ff34ee49700891439f9e77765f69ca","name":"KE_adm","image":{"@type":"ImageObject","inLanguage":"de","@id":"https:\/\/secure.gravatar.com\/avatar\/1b88796f4cdd3f8d8ac34067bccb02448e163e4ef5eacb035790988646935f61?s=96&d=mm&r=g","url":"https:\/\/secure.gravatar.com\/avatar\/1b88796f4cdd3f8d8ac34067bccb02448e163e4ef5eacb035790988646935f61?s=96&d=mm&r=g","contentUrl":"https:\/\/secure.gravatar.com\/avatar\/1b88796f4cdd3f8d8ac34067bccb02448e163e4ef5eacb035790988646935f61?s=96&d=mm&r=g","caption":"KE_adm"},"url":"https:\/\/www.keoutdoordesign.com\/de-de\/author\/ke_adm\/"}]}},"_links":{"self":[{"href":"https:\/\/www.keoutdoordesign.com\/de-de\/wp-json\/wp\/v2\/posts\/59927","targetHints":{"allow":["GET"]}}],"collection":[{"href":"https:\/\/www.keoutdoordesign.com\/de-de\/wp-json\/wp\/v2\/posts"}],"about":[{"href":"https:\/\/www.keoutdoordesign.com\/de-de\/wp-json\/wp\/v2\/types\/post"}],"author":[{"embeddable":true,"href":"https:\/\/www.keoutdoordesign.com\/de-de\/wp-json\/wp\/v2\/users\/10608"}],"replies":[{"embeddable":true,"href":"https:\/\/www.keoutdoordesign.com\/de-de\/wp-json\/wp\/v2\/comments?post=59927"}],"version-history":[{"count":1,"href":"https:\/\/www.keoutdoordesign.com\/de-de\/wp-json\/wp\/v2\/posts\/59927\/revisions"}],"predecessor-version":[{"id":59933,"href":"https:\/\/www.keoutdoordesign.com\/de-de\/wp-json\/wp\/v2\/posts\/59927\/revisions\/59933"}],"wp:featuredmedia":[{"embeddable":true,"href":"https:\/\/www.keoutdoordesign.com\/de-de\/wp-json\/wp\/v2\/media\/59896"}],"wp:attachment":[{"href":"https:\/\/www.keoutdoordesign.com\/de-de\/wp-json\/wp\/v2\/media?parent=59927"}],"wp:term":[{"taxonomy":"category","embeddable":true,"href":"https:\/\/www.keoutdoordesign.com\/de-de\/wp-json\/wp\/v2\/categories?post=59927"},{"taxonomy":"post_tag","embeddable":true,"href":"https:\/\/www.keoutdoordesign.com\/de-de\/wp-json\/wp\/v2\/tags?post=59927"}],"curies":[{"name":"wp","href":"https:\/\/api.w.org\/{rel}","templated":true}]}}